{"id":940,"date":"2025-03-27T17:50:18","date_gmt":"2025-03-27T16:50:18","guid":{"rendered":"https:\/\/valencia.esperanto.es\/?p=940"},"modified":"2025-04-10T18:17:03","modified_gmt":"2025-04-10T16:17:03","slug":"rezulto-konkurso-cheste-2024","status":"publish","type":"post","link":"https:\/\/valencia.esperanto.es\/eo\/2025\/03\/27\/rezulto-konkurso-cheste-2024\/","title":{"rendered":"Rezulto konkurso Francisco M\u00e1\u00f1ez 2024"},"content":{"rendered":"\n<p>&nbsp;Rezulto de la kunveno de la Kvalifika \u0134urio de la II-a Esperanto-Konkurso Francisco Ma\u00f1ez, okazinta en la biblioteko de la Fonda\u0135o Cajacheste la 27-an de marto 2025.<\/p>\n\n\n\n<p>MEMBROJ DE \u0134URIOJ:<\/p>\n\n\n\n<ul class=\"wp-block-list\">\n<li>Jos\u00e9 Vicente Castillo<\/li>\n\n\n\n<li>Teo Vallet Pastor<\/li>\n\n\n\n<li>Ra\u00fal Salinas Monteagudo<\/li>\n\n\n\n<li>M.\u00aa \u00c1ngeles Corber\u00e1n Andr\u00e9s<\/li>\n\n\n\n<li>Jos\u00e9 Manzanera Sapena<\/li>\n<\/ul>\n\n\n\n<p>SEKRETARIO KAJ ORGANIZO:<\/p>\n\n\n\n<p>&#8211; Rafael Navarro Valle<\/p>\n\n\n\n<p>&#8211; Ramon Diago Marco<\/p>\n\n\n\n<p>Post pluraj renkonti\u011doj, studado kaj diskutado de la multnombraj verkoj prezentitaj KAJ LA \u0134URIO NUR KONCIANTE LA NOMBRON DE LA LABORO DONITA DE LA ORGANIZO, LA\u016c LA ORDO DE P.RECENCIO, la rezulto de la vo\u0109dono de la \u0134urio estas jena:<\/p>\n\n\n\n<ul class=\"wp-block-list\">\n<li><strong>Unua premio<\/strong> numero 15, kiu montri\u011dis <strong>FRAN\u00c7OISE NOIREAU<\/strong>, el Francio<\/li>\n\n\n\n<li><strong>Dua premio<\/strong> n-ro 10, verko proponita de <strong>PAUL BUSTO<\/strong>, el Sevilo (Hispanio).<\/li>\n\n\n\n<li><strong>Komuna tria premio<\/strong>:\n<ul class=\"wp-block-list\">\n<li>Ijob n\u00ba 26, prezentita de <strong>FAVIO SILVA<\/strong>, el Brazilo<\/li>\n\n\n\n<li>Ijob n\u00ba 38, de <strong>ANTONIO ALCAZAR<\/strong>, el Teruel (Hispanio)<\/li>\n<\/ul>\n<\/li>\n\n\n\n<li><strong>Honora mencio<\/strong> al numero 27, la laboro de <strong>AZIZIEH DE LA JARO<\/strong>, el Valencio (Hispanio).<\/li>\n<\/ul>\n\n\n\n<p>La \u0135urio deklaras, ke iliaj taksadoj plene plenumis la konkursajn regulojn, taksinte novigon kaj originalecon, la fareblecon kaj da\u016dripovon de la propono, la ebla efiko al disvastigo kaj la klarecon kaj kvaliton de la prezento.<\/p>\n\n\n\n<p>En Cheste, la 27-an de aprilo 2025<\/p>\n\n\n\n<p>Organiza teamo de la konkurso. <\/p>\n\n\n\n<p><\/p>\n","protected":false},"excerpt":{"rendered":"<p>&nbsp;Rezulto de la kunveno de la Kvalifika \u0134urio de la II-a Esperanto-Konkurso Francisco Ma\u00f1ez, okazinta en la biblioteko de la Fonda\u0135o Cajacheste la 27-an de marto 2025. MEMBROJ DE \u0134URIOJ: SEKRETARIO KAJ ORGANIZO: &#8211; Rafael Navarro Valle &#8211; Ramon Diago Marco Post pluraj renkonti\u011doj, studado kaj diskutado de la multnombraj verkoj prezentitaj KAJ LA \u0134URIO [&hellip;]<\/p>\n","protected":false},"author":2,"featured_media":0,"comment_status":"closed","ping_status":"open","sticky":false,"template":"","format":"standard","meta":{"_locale":"eo","_original_post":"https:\/\/valencia.esperanto.es\/?p=938","footnotes":""},"categories":[43],"tags":[],"class_list":["post-940","post","type-post","status-publish","format-standard","hentry","category-concursos","eo"],"_links":{"self":[{"href":"https:\/\/valencia.esperanto.es\/wp-json\/wp\/v2\/posts\/940","targetHints":{"allow":["GET"]}}],"collection":[{"href":"https:\/\/valencia.esperanto.es\/wp-json\/wp\/v2\/posts"}],"about":[{"href":"https:\/\/valencia.esperanto.es\/wp-json\/wp\/v2\/types\/post"}],"author":[{"embeddable":true,"href":"https:\/\/valencia.esperanto.es\/wp-json\/wp\/v2\/users\/2"}],"replies":[{"embeddable":true,"href":"https:\/\/valencia.esperanto.es\/wp-json\/wp\/v2\/comments?post=940"}],"version-history":[{"count":3,"href":"https:\/\/valencia.esperanto.es\/wp-json\/wp\/v2\/posts\/940\/revisions"}],"predecessor-version":[{"id":943,"href":"https:\/\/valencia.esperanto.es\/wp-json\/wp\/v2\/posts\/940\/revisions\/943"}],"wp:attachment":[{"href":"https:\/\/valencia.esperanto.es\/wp-json\/wp\/v2\/media?parent=940"}],"wp:term":[{"taxonomy":"category","embeddable":true,"href":"https:\/\/valencia.esperanto.es\/wp-json\/wp\/v2\/categories?post=940"},{"taxonomy":"post_tag","embeddable":true,"href":"https:\/\/valencia.esperanto.es\/wp-json\/wp\/v2\/tags?post=940"}],"curies":[{"name":"wp","href":"https:\/\/api.w.org\/{rel}","templated":true}]}}