{"id":912,"date":"2025-02-28T12:58:34","date_gmt":"2025-02-28T11:58:34","guid":{"rendered":"https:\/\/valencia.esperanto.es\/?p=912"},"modified":"2025-03-12T09:00:00","modified_gmt":"2025-03-12T08:00:00","slug":"sukceso-konkurso-cheste-2024","status":"publish","type":"post","link":"https:\/\/valencia.esperanto.es\/eo\/2025\/02\/28\/sukceso-konkurso-cheste-2024\/","title":{"rendered":"Sukceso en la konkurso de ideoj organizita de Cheste por la disvastigo de Esperanto"},"content":{"rendered":"\n<p>De la 5-a \u011dis la 8-a de septembro 2024, okazis en <strong>Cheste<\/strong> la <em>82-a Nacia Kongreso de Esperanto<\/em>.<br>Samtempe kun tiu evento, la <em>Kultura Societo \u201cAteneo La Alianza\u201d<\/em> de Cheste, kunlabore kun la <em>Urbodomo de Cheste<\/em>, la <em>Fondumo Cajacheste<\/em> kaj la Esperanto-grupoj de Valencio kaj Cheste, anoncis la <em>II-an Internacian Konkurson \u201cFrancisco Ma\u00f1ez\u201d<\/em>, sub la slogano <em>\u201cKonkurso de ideoj por la diskonigo kaj evoluigo de Esperanto\u201d<\/em>.<\/p>\n\n\n\n<p>Tiu \u0109i konkurso, kies limdato por prezenti laborojn fini\u011dis la 31-an de decembro 2024, devas esti konsiderata granda sukceso, \u0109ar oni ricevis 38 laborojn el pli ol 20 landoj, nome: Kongo, Burundo, Nederlando, Madagaskaro, Anglio, Francio, Belgio, Litovio, Budape\u015dto, Germanio, Kubo, Brazilo, Hungario, Filipinoj, Argentino, Meksiko, Italio, Luksemburgio, Kanado, Paragvajo, Irano kaj Hispanio (Alicante, Sevilo, Barakaldo, Reus, Valencio, Teruelo kaj Cheste).<\/p>\n\n\n\n<p>La \u0135urio, konsistanta el kvin membroj, proponitaj kaj elektitaj fare de la organizantoj, post trarigardi la ricevitajn laborojn kaj okazigi la koncernajn kunsidojn, publikigos siajn konkludojn, kun la elekto de la premiitaj laboroj, la venontan <strong>4-an de aprilo<\/strong>. La solena premio-disdona ceremonio, kiu estos \u011dustatempe anoncita, okazos <strong>la 25-an de aprilo<\/strong> en la salono de la Fondumo Cajacheste.<\/p>\n\n\n\n<p>Denove, <strong>Esperanto metis Cheste sur la mondmapon<\/strong>.<\/p>\n\n\n\n<figure class=\"wp-block-image size-full\"><img loading=\"lazy\" decoding=\"async\" width=\"1024\" height=\"480\" src=\"https:\/\/valencia.esperanto.es\/wp-content\/uploads\/2025\/02\/image-3.png\" alt=\"\" class=\"wp-image-930\" srcset=\"https:\/\/valencia.esperanto.es\/wp-content\/uploads\/2025\/02\/image-3.png 1024w, https:\/\/valencia.esperanto.es\/wp-content\/uploads\/2025\/02\/image-3-300x141.png 300w, https:\/\/valencia.esperanto.es\/wp-content\/uploads\/2025\/02\/image-3-768x360.png 768w\" sizes=\"auto, (max-width: 1024px) 100vw, 1024px\" \/><\/figure>\n\n\n\n<figure class=\"wp-block-image size-full\"><img loading=\"lazy\" decoding=\"async\" width=\"834\" height=\"222\" src=\"https:\/\/valencia.esperanto.es\/wp-content\/uploads\/2025\/02\/image.png\" alt=\"\" class=\"wp-image-913\" srcset=\"https:\/\/valencia.esperanto.es\/wp-content\/uploads\/2025\/02\/image.png 834w, https:\/\/valencia.esperanto.es\/wp-content\/uploads\/2025\/02\/image-300x80.png 300w, https:\/\/valencia.esperanto.es\/wp-content\/uploads\/2025\/02\/image-768x204.png 768w\" sizes=\"auto, (max-width: 834px) 100vw, 834px\" \/><\/figure>\n","protected":false},"excerpt":{"rendered":"<p>De la 5-a \u011dis la 8-a de septembro 2024, okazis en Cheste la 82-a Nacia Kongreso de Esperanto.Samtempe kun tiu evento, la Kultura Societo \u201cAteneo La Alianza\u201d de Cheste, kunlabore kun la Urbodomo de Cheste, la Fondumo Cajacheste kaj la Esperanto-grupoj de Valencio kaj Cheste, anoncis la II-an Internacian Konkurson \u201cFrancisco Ma\u00f1ez\u201d, sub la slogano [&hellip;]<\/p>\n","protected":false},"author":10,"featured_media":0,"comment_status":"closed","ping_status":"open","sticky":false,"template":"","format":"standard","meta":{"_locale":"eo","_original_post":"https:\/\/valencia.esperanto.es\/?p=909","footnotes":""},"categories":[1],"tags":[],"class_list":["post-912","post","type-post","status-publish","format-standard","hentry","category-uncategorized","eo"],"_links":{"self":[{"href":"https:\/\/valencia.esperanto.es\/wp-json\/wp\/v2\/posts\/912","targetHints":{"allow":["GET"]}}],"collection":[{"href":"https:\/\/valencia.esperanto.es\/wp-json\/wp\/v2\/posts"}],"about":[{"href":"https:\/\/valencia.esperanto.es\/wp-json\/wp\/v2\/types\/post"}],"author":[{"embeddable":true,"href":"https:\/\/valencia.esperanto.es\/wp-json\/wp\/v2\/users\/10"}],"replies":[{"embeddable":true,"href":"https:\/\/valencia.esperanto.es\/wp-json\/wp\/v2\/comments?post=912"}],"version-history":[{"count":2,"href":"https:\/\/valencia.esperanto.es\/wp-json\/wp\/v2\/posts\/912\/revisions"}],"predecessor-version":[{"id":931,"href":"https:\/\/valencia.esperanto.es\/wp-json\/wp\/v2\/posts\/912\/revisions\/931"}],"wp:attachment":[{"href":"https:\/\/valencia.esperanto.es\/wp-json\/wp\/v2\/media?parent=912"}],"wp:term":[{"taxonomy":"category","embeddable":true,"href":"https:\/\/valencia.esperanto.es\/wp-json\/wp\/v2\/categories?post=912"},{"taxonomy":"post_tag","embeddable":true,"href":"https:\/\/valencia.esperanto.es\/wp-json\/wp\/v2\/tags?post=912"}],"curies":[{"name":"wp","href":"https:\/\/api.w.org\/{rel}","templated":true}]}}